[{"@context":"https:\/\/schema.org\/","@type":"Article","@id":"https:\/\/www.freezart.cz\/jak-ma-vypadat-kuchyne\/#Article","mainEntityOfPage":"https:\/\/www.freezart.cz\/jak-ma-vypadat-kuchyne\/","headline":"Jak m\u00e1 vypadat kuchyn\u011b?","name":"Jak m\u00e1 vypadat kuchyn\u011b?","description":"&#13; Bez kuchyn\u011b se zkr\u00e1tka \u017e\u00e1dn\u00e1 norm\u00e1ln\u00ed dom\u00e1cnost neobejde. A to ani ta, v n\u00ed\u017e se zase a\u017e tak \u010dasto neva\u0159\u00ed, respektive ve kter\u00e9 se neva\u0159\u00ed v\u016fbec. Proto\u017ee i kdy\u017e spor\u00e1k z\u016fst\u00e1v\u00e1 nedot\u010den, jak je rok dlouh\u00fd, v p\u0159\u00edpad\u011b ledni\u010dky, spi\u017e\u00edrny, stolu a kuchy\u0148sk\u00e9 linky tomu b\u00fdv\u00e1 docela jinak. A jestli v\u00e1m n\u011bkdo bude tvrdit,&#46;&#46;&#46;","datePublished":"2018-12-02","dateModified":"2023-05-05","author":{"@type":"Person","@id":"https:\/\/www.freezart.cz\/author\/#Person","name":"","url":"https:\/\/www.freezart.cz\/author\/","identifier":1,"image":{"@type":"ImageObject","@id":"https:\/\/secure.gravatar.com\/avatar\/87132efef9f5972c3e770e1fb0907fb3dcc1311f82da5f30bffbae0bd81cf8c0?s=96&d=mm&r=g","url":"https:\/\/secure.gravatar.com\/avatar\/87132efef9f5972c3e770e1fb0907fb3dcc1311f82da5f30bffbae0bd81cf8c0?s=96&d=mm&r=g","height":96,"width":96}},"publisher":{"@type":"Organization","name":"freezart.cz","logo":{"@type":"ImageObject","@id":"\/logo.png","url":"\/logo.png","width":600,"height":60}},"image":{"@type":"ImageObject","@id":"https:\/\/www.freezart.cz\/wp-content\/uploads\/img_a335830_w2511_t1549120727.jpg","url":"https:\/\/www.freezart.cz\/wp-content\/uploads\/img_a335830_w2511_t1549120727.jpg","height":0,"width":0},"url":"https:\/\/www.freezart.cz\/jak-ma-vypadat-kuchyne\/","about":["Finance"],"wordCount":485,"articleBody":" &#13; Bez kuchyn\u011b se zkr\u00e1tka \u017e\u00e1dn\u00e1 norm\u00e1ln\u00ed dom\u00e1cnost neobejde. A to ani ta, v n\u00ed\u017e se zase a\u017e tak \u010dasto neva\u0159\u00ed, respektive ve kter\u00e9 se neva\u0159\u00ed v\u016fbec. Proto\u017ee i kdy\u017e spor\u00e1k z\u016fst\u00e1v\u00e1 nedot\u010den, jak je rok dlouh\u00fd, v p\u0159\u00edpad\u011b ledni\u010dky, spi\u017e\u00edrny, stolu a kuchy\u0148sk\u00e9 linky tomu b\u00fdv\u00e1 docela jinak. A jestli v\u00e1m n\u011bkdo bude tvrdit, \u017ee snad kuchyni nem\u00e1 ani trochu r\u00e1d, pak je to snad jedin\u011b ten, kdo m\u00e1 rozv\u011btven\u00e9 p\u0159\u00edbuzenstvo \u010di spoustu zn\u00e1m\u00fdch, kte\u0159\u00ed jsou pravideln\u011b zv\u00e1ni k n\u011bmu dom\u016f a on pak po nich mus\u00ed um\u00fdvat horu \u0161pinav\u00e9ho n\u00e1dob\u00ed.&#13; &#13; Kuchyn\u011b je obl\u00edben\u00e1 pochopiteln\u011b p\u0159edev\u0161\u00edm kv\u016fli tomu, \u017ee se v n\u00ed skladuje a p\u0159ipravuje j\u00eddlo. Tedy n\u011bco, \u010d\u00edm krom\u011b anorektik\u016f neopovrhuje nikdo, co se t\u011b\u0161\u00ed nemal\u00e9 popularit\u011b stejn\u011b v mlad\u0161\u00edm jako pokro\u010dilej\u0161\u00edm v\u011bku. A co vlastn\u011b od jist\u00e9ho v\u011bku nahrazov\u00e1v\u00e1 i po\u017eitky d\u0159\u00edve nep\u0159ekonateln\u00e9, tedy ty z oblasti erotiky.&#13; &#13; Ov\u0161em je nasnad\u011b, \u017ee aby se v takov\u00e9 kuchyni dalo se zm\u00edn\u011bn\u00fdmi potravinami pracovat a nakl\u00e1dat, mus\u00ed b\u00fdt tato n\u00e1le\u017eit\u011b vybavena. V\u017edy\u0165  nem\u016f\u017ee b\u00fdt n\u011bkde, kde se to \u010dlov\u011bku nel\u00edb\u00ed nebo kde mu to v\u016fbec nevyhovuje. A proto mus\u00ed b\u00fdt tato m\u00edstnost vybavov\u00e1na s pat\u0159i\u010dnou zodpov\u011bdnost\u00ed, aby se zabr\u00e1nilo tomu, \u017ee vzniknou pot\u00ed\u017ee, je\u017e by se nejednou dodate\u010dn\u011b jen t\u011b\u017eko odstra\u0148ovaly.&#13; &#13; V kuchyni mus\u00ed b\u00fdt v prvn\u00ed \u0159ad\u011b kuchy\u0148sk\u00e1 linka. \u010c\u00edm\u017e nemysl\u00edm \u017e\u00e1dnou rovnou \u010d\u00e1ru nap\u0159\u00ed\u010d kuchyn\u00ed, ale onen kus n\u00e1bytku s pracovn\u00ed plochou, sk\u0159\u00ed\u0148kami, d\u0159ezem a kdo v\u00ed \u010d\u00edm v\u0161\u00edm je\u0161t\u011b. A tato m\u00e1 odpov\u00eddat po\u017eadavk\u016fm sv\u00fdch u\u017eivatel\u016f co nejp\u0159esn\u011bji, pro\u010de\u017e neu\u0161kod\u00ed ani to, nech\u00e1me-li si ji vyrobit p\u0159\u00edmo na m\u00edru. Tato mo\u017enost je u\u017e dnes dostupn\u00e1 ka\u017ed\u00e9mu a pro\u010d by j\u00ed tedy n\u011bkdo nevyu\u017eil ke sv\u00e9mu prosp\u011bchu, \u017ee?&#13; &#13; Lze si tak nap\u0159\u00edklad nechat p\u0159edlo\u017eit n\u00e1vrhy kuchyn\u00ed praha, je\u017e mohou b\u00fdt t\u00edm nejide\u00e1ln\u011bj\u0161\u00edm \u0159e\u0161en\u00edm. Proto\u017ee zde si po\u0159\u00e1dn\u011b vyslechnou z\u00e1kazn\u00edkova p\u0159\u00e1n\u00ed a dokonce mu sestav\u00ed p\u0159edem i model, aby v\u011bd\u011bl, co nakonec dostane.&#13; &#13; Vyr\u00e1b\u00ed se tu z kvalitn\u00edch a spolehliv\u00fdch materi\u00e1l\u016f, kuchy\u0148sk\u00e9 linky odsud jsou tedy atraktivn\u00edho vzhledu, praktick\u00e9, kr\u00e1sn\u00e9 a origin\u00e1ln\u00ed. A nav\u00edc p\u0159esn\u011b sed\u00ed do t\u00e9 kter\u00e9 dom\u00e1cnosti a pr\u00e1ce na nich je p\u0159\u00edjemn\u00e1, nakolik to je jenom mo\u017en\u00e9.&#13; &#13; A to se to pak va\u0159\u00ed! A zejm\u00e9na \u201eluxuje\u201c ledni\u010dka!&#13;                                                                                                                                                                                                                                                                                                                                                                                         3\/5 - (6 votes)        "},{"@context":"https:\/\/schema.org\/","@type":"BreadcrumbList","itemListElement":[{"@type":"ListItem","position":1,"name":"Jak m\u00e1 vypadat kuchyn\u011b?","item":"https:\/\/www.freezart.cz\/jak-ma-vypadat-kuchyne\/#breadcrumbitem"}]}]