[{"@context":"https:\/\/schema.org\/","@type":"Article","@id":"https:\/\/www.freezart.cz\/kdy-se-externi-predseda-svj-nevyplati\/#Article","mainEntityOfPage":"https:\/\/www.freezart.cz\/kdy-se-externi-predseda-svj-nevyplati\/","headline":"Kdy se extern\u00ed p\u0159edseda SVJ nevyplat\u00ed","name":"Kdy se extern\u00ed p\u0159edseda SVJ nevyplat\u00ed","description":"Od t\u00e9 doby, co valn\u00e1 v\u011bt\u0161ina byt\u016f p\u0159e\u0161la do osobn\u00edho vlastnictv\u00ed, se objevila i spole\u010denstv\u00ed vlastn\u00edk\u016f bytov\u00fdch jednotek, zn\u00e1m\u00e1 tak\u00e9 pod zkratkou SVJ. Jej\u00edmi \u010dleny jsou jednotliv\u00ed majitel\u00e9, p\u0159i\u010dem\u017e b\u00fdv\u00e1 zvykem, \u017ee p\u0159edsedou je pr\u00e1v\u011b jeden z nich. A m\u00e1 to i sv\u016fj dobr\u00fd d\u016fvod \u2013 tito lid\u00e9 se v\u011bt\u0161inou znaj\u00ed, a nav\u00edc maj\u00ed k&#46;&#46;&#46;","datePublished":"2025-03-29","dateModified":"2025-03-29","author":{"@type":"Person","@id":"https:\/\/www.freezart.cz\/author\/#Person","name":"","url":"https:\/\/www.freezart.cz\/author\/","identifier":1,"image":{"@type":"ImageObject","@id":"https:\/\/secure.gravatar.com\/avatar\/87132efef9f5972c3e770e1fb0907fb3dcc1311f82da5f30bffbae0bd81cf8c0?s=96&d=mm&r=g","url":"https:\/\/secure.gravatar.com\/avatar\/87132efef9f5972c3e770e1fb0907fb3dcc1311f82da5f30bffbae0bd81cf8c0?s=96&d=mm&r=g","height":96,"width":96}},"publisher":{"@type":"Organization","name":"freezart.cz","logo":{"@type":"ImageObject","@id":"\/logo.png","url":"\/logo.png","width":600,"height":60}},"image":{"@type":"ImageObject","@id":"https:\/\/www.freezart.cz\/wp-content\/uploads\/panelak2_10_10_7.jpg","url":"https:\/\/www.freezart.cz\/wp-content\/uploads\/panelak2_10_10_7.jpg","height":0,"width":0},"url":"https:\/\/www.freezart.cz\/kdy-se-externi-predseda-svj-nevyplati\/","about":["Slu\u017eby"],"wordCount":428,"articleBody":"   Od t\u00e9 doby, co valn\u00e1 v\u011bt\u0161ina byt\u016f p\u0159e\u0161la do osobn\u00edho vlastnictv\u00ed, se objevila i spole\u010denstv\u00ed vlastn\u00edk\u016f bytov\u00fdch jednotek, zn\u00e1m\u00e1 tak\u00e9 pod zkratkou SVJ. Jej\u00edmi \u010dleny jsou jednotliv\u00ed majitel\u00e9, p\u0159i\u010dem\u017e b\u00fdv\u00e1 zvykem, \u017ee p\u0159edsedou je pr\u00e1v\u011b jeden z nich. A m\u00e1 to i sv\u016fj dobr\u00fd d\u016fvod \u2013 tito lid\u00e9 se v\u011bt\u0161inou znaj\u00ed, a nav\u00edc maj\u00ed k onomu domu vztah, tak\u017ee je jasn\u00e9, \u017ee pro n\u011bj cht\u011bj\u00ed to nejlep\u0161\u00ed. Av\u0161ak a\u010dkoliv je to ve v\u011bt\u0161in\u011b p\u0159\u00edpad\u016f pravda, faktem je, \u017ee to rozhodn\u011b nen\u00ed jedin\u00e1 mo\u017enost.V z\u00e1kon\u011b je toti\u017e d\u00e1no, \u017ee p\u0159edsedu SVJ m\u016f\u017ee d\u011blat v podstat\u011b kdokoliv, kdo spl\u0148uje pot\u0159ebn\u00e9 kvalifikace \u2013 a vlastnictv\u00ed bytu v dan\u00e9m dom\u011b mezi n\u011b nepat\u0159\u00ed. Je tak mo\u017enost, \u017ee se najme extern\u00ed p\u0159edseda SVJ, \u010dlov\u011bk, kter\u00fd tuto funkci bude zast\u00e1vat za \u00faplatu. Jist\u011b, m\u016f\u017ee se to zd\u00e1t zvl\u00e1\u0161tn\u00ed, av\u0161ak m\u00e1 to bezesporu sv\u00e9 v\u00fdhody.Jednou z nich je nestrannost. Jakkoliv se lid\u00e9 v dan\u00e9m dom\u011b mezi sebou \u010dasto dob\u0159e znaj\u00ed, nemus\u00ed to nutn\u011b znamenat, \u017ee mezi nimi panuj\u00ed dobr\u00e9 vztahy. V mnoha p\u0159\u00edpadech je tomu dokonce naopak \u2013 mezi dv\u011bma vlastn\u00edky mohou b\u00fdt neshody, a to z nejr\u016fzn\u011bj\u0161\u00edch d\u016fvod\u016f, od malichern\u00fdch a\u017e po skute\u010dn\u011b v\u00e1\u017en\u00e9. V takov\u00e9m p\u0159\u00edpad\u011b mohou na\u0159knout p\u0159edsedu, \u017ee stran\u00ed tomu druh\u00e9mu. Pokud se v\u0161ak bude jednat o ciz\u00edho \u010dlov\u011bka, nic takov\u00e9ho nehroz\u00ed.Faktem tak\u00e9 je, \u017ee to \u010dasto nen\u00ed popul\u00e1rn\u00ed funkce, kterou by cht\u011bl n\u011bkdo d\u011blat. Nejen\u017ee je to velk\u00e1 zodpov\u011bdnost, ale tak\u00e9 jde o pom\u011brn\u011b nevd\u011b\u010dnou pozici. D\u011bl\u00e1te ji ve sv\u00e9m voln\u00e9m \u010dase, av\u0161ak a\u0165 se budete sna\u017eit sebev\u00edc, v\u017edy se najde n\u011bkdo, komu va\u0161e rozhodnut\u00ed nebudou po chuti a nebude se zdr\u00e1hat v\u00e1m to d\u00e1t najevo.Na druhou stranu je pravda, \u017ee extern\u00ed p\u0159edseda nebude a\u017e tak anga\u017eovan\u00fd. Pro n\u011bj se jedn\u00e1 pouze o pr\u00e1ci, za kterou je placen\u00fd. Rozhodn\u011b tedy nelze po\u010d\u00edtat s t\u00edm, \u017ee bude \u0159e\u0161it probl\u00e9my, p\u0159\u00edpadn\u011b se anga\u017eovat tak, jako by byl jeden z obyvatel. O finan\u010dn\u00edch n\u00e1kladech nemluv\u011b. Z\u00e1le\u017e\u00ed pak na konkr\u00e9tn\u00edm SVJ, zda se jim to vyplat\u00ed.                                                                                                                                                                                                                                                                                                                                                                                          3.7\/5 - (7 votes)        "},{"@context":"https:\/\/schema.org\/","@type":"BreadcrumbList","itemListElement":[{"@type":"ListItem","position":1,"name":"Kdy se extern\u00ed p\u0159edseda SVJ nevyplat\u00ed","item":"https:\/\/www.freezart.cz\/kdy-se-externi-predseda-svj-nevyplati\/#breadcrumbitem"}]}]