[{"@context":"https:\/\/schema.org\/","@type":"Article","@id":"https:\/\/www.freezart.cz\/pracujte-se-svym-interierem-chytre\/#Article","mainEntityOfPage":"https:\/\/www.freezart.cz\/pracujte-se-svym-interierem-chytre\/","headline":"Pracujte se sv\u00fdm interi\u00e9rem chyt\u0159e","name":"Pracujte se sv\u00fdm interi\u00e9rem chyt\u0159e","description":"A\u010dkoliv se ob\u00fdvac\u00ed pokoj a kuchyn\u011b zdaj\u00ed b\u00fdt dv\u011bma zcela odli\u0161n\u00fdmi a samostatn\u00fdmi pokoji, jejich propojen\u00ed je v\u00edce ne\u017e efektivn\u00ed, a to nejen z hlediska prakti\u010dnosti, ale p\u0159edev\u0161\u00edm designu a stylu. Splynut\u00edm t\u011bchto dvou m\u00edstnost\u00ed vznikne otev\u0159en\u00fd prostor, kter\u00fd se r\u00e1zem stane st\u0159edobodem ve\u0161ker\u00e9ho d\u011bn\u00ed ve va\u0161em dom\u011b \u010di bytu, zkr\u00e1tka j\u00e1drem domova. P\u016fjde o&#46;&#46;&#46;","datePublished":"2018-06-05","dateModified":"2023-05-05","author":{"@type":"Person","@id":"https:\/\/www.freezart.cz\/author\/#Person","name":"","url":"https:\/\/www.freezart.cz\/author\/","identifier":1,"image":{"@type":"ImageObject","@id":"https:\/\/secure.gravatar.com\/avatar\/87132efef9f5972c3e770e1fb0907fb3dcc1311f82da5f30bffbae0bd81cf8c0?s=96&d=mm&r=g","url":"https:\/\/secure.gravatar.com\/avatar\/87132efef9f5972c3e770e1fb0907fb3dcc1311f82da5f30bffbae0bd81cf8c0?s=96&d=mm&r=g","height":96,"width":96}},"publisher":{"@type":"Organization","name":"freezart.cz","logo":{"@type":"ImageObject","@id":"\/logo.png","url":"\/logo.png","width":600,"height":60}},"image":{"@type":"ImageObject","@id":"https:\/\/www.freezart.cz\/wp-content\/uploads\/img_a321988_w2511_t1533458063.jpg","url":"https:\/\/www.freezart.cz\/wp-content\/uploads\/img_a321988_w2511_t1533458063.jpg","height":0,"width":0},"url":"https:\/\/www.freezart.cz\/pracujte-se-svym-interierem-chytre\/","about":["Finance"],"wordCount":465,"articleBody":" A\u010dkoliv se ob\u00fdvac\u00ed pokoj a kuchyn\u011b zdaj\u00ed b\u00fdt dv\u011bma zcela odli\u0161n\u00fdmi a samostatn\u00fdmi pokoji, jejich propojen\u00ed je v\u00edce ne\u017e efektivn\u00ed, a to nejen z hlediska prakti\u010dnosti, ale p\u0159edev\u0161\u00edm designu a stylu. Splynut\u00edm t\u011bchto dvou m\u00edstnost\u00ed vznikne otev\u0159en\u00fd prostor, kter\u00fd se r\u00e1zem stane st\u0159edobodem ve\u0161ker\u00e9ho d\u011bn\u00ed ve va\u0161em dom\u011b \u010di bytu, zkr\u00e1tka j\u00e1drem domova. P\u016fjde o zcela ide\u00e1ln\u00ed m\u00edsto pro usazen\u00ed p\u0159\u00e1tel, po\u0159\u00e1d\u00e1n\u00ed se\u0161lost\u00ed \u010di jen vychutn\u00e1n\u00ed poklidn\u00e9ho rodinn\u00e9ho odpoledne.&#13; &#13; Propojit ob\u00fdvac\u00ed pokoj a kuchyni p\u0159itom nen\u00ed v\u016fbec obt\u00ed\u017en\u00e9, je v\u0161ak zapot\u0159eb\u00ed kl\u00e1st d\u016fraz na celkovou p\u0159irozenost a nen\u00e1silnost p\u0159echodu. Ide\u00e1ln\u00ed je \u0159e\u0161en\u00ed, kdy nelze nal\u00e9zt z\u0159eteln\u00fd p\u0159ed\u011bl a oba prostory se vz\u00e1jemn\u011b prol\u00ednaj\u00ed a dopl\u0148uj\u00ed, co\u017e zohledn\u00edte p\u0159edev\u0161\u00edm p\u0159i v\u00fdmalb\u011b \u010di v\u00fdb\u011bru n\u00e1bytku a pou\u017eit\u00fdch materi\u00e1l\u016f. Nedoporu\u010duj\u00ed se proto nap\u0159\u00edklad k\u0159iklav\u00e9 barvy, kter\u00e9 zaru\u010den\u011b zp\u016fsob\u00ed ostr\u00e9 p\u0159echody. &#13; Z\u00e1rove\u0148 je ji\u017e p\u0159edem vhodn\u00e9 pe\u010dliv\u011b zv\u00e1\u017eit pom\u011br jednotliv\u00fdch m\u00edstnost\u00ed, p\u0159i\u010dem\u017e obvykle dost\u00e1v\u00e1 prim\u00e1rn\u00ed \u00falohu kuchyn\u011b a jej\u00ed nezbytn\u00e9 vybaven\u00ed v podob\u011b kuchy\u0148sk\u00e9 linky a spot\u0159ebi\u010d\u016f. A\u017e n\u00e1sledn\u011b se pracuje se zbyl\u00fdmi prostorami a dle mo\u017enost\u00ed se vytv\u00e1\u0159\u00ed ob\u00fdvac\u00ed pokoj.&#13; &#13; Velmi \u010dasto je pro lehk\u00e9 odd\u011blen\u00ed u\u017eit barov\u00fd st\u016fl, ten tak zpravidla tvo\u0159\u00ed jakousi spojnici mezi ob\u00fdvac\u00edm pokojem a kuchyn\u00ed \u010dili m\u00edsto, kde se v\u0161ichni budou sch\u00e1zet nad pln\u00fdmi tal\u00ed\u0159i. Dal\u0161\u00ed hojn\u011b u\u017e\u00edvanou mo\u017enost\u00ed je vyv\u00fd\u0161en\u00ed, kdy obvykle kuchyn\u011b le\u017e\u00ed o n\u011bkolik des\u00edtek centimetr\u016f v\u00fd\u0161e ne\u017e zbytek obytn\u00e9ho prostoru. Meze va\u0161\u00ed kreativit\u011b se v\u0161ak nekladou, m\u016f\u017eete tak m\u00edstnosti odd\u011blit nap\u0159\u00edklad i ob\u00fdvac\u00ed st\u011bnou.&#13; &#13; Benefity jsou p\u0159esv\u011bd\u010div\u00e9 &#13; &#13; Dozajista nelze opomenout, nakolik v\u00fdhodn\u00e9 je splynut\u00ed t\u011bchto dvou prostor v mal\u00fdch bytech, kde obvykle bojujete o ka\u017ed\u00fd centimetr vyu\u017eit\u00e9ho m\u00edsta. Toto \u0159e\u0161en\u00ed v\u00e1m tak pom\u016f\u017ee uchovat nejen komfort, ale i styl.&#13; &#13; D\u00e1le lze zm\u00ednit, \u017ee ani osoba, kter\u00e1 se v dan\u00fd okam\u017eik v\u011bnuje p\u0159\u00edprav\u011b pokrm\u016f nebude izolov\u00e1na od ve\u0161ker\u00e9ho d\u011bn\u00ed, naopak. I b\u011bhem va\u0159en\u00ed m\u016f\u017ee prob\u00edhat plynul\u00e1 konverzace a nikdo nebude o nic ochuzen.&#13; &#13; Krom toho, jak ji\u017e bylo nazna\u010deno, z\u00edsk\u00e1te p\u0159irozen\u00fd st\u0159ed va\u0161eho domova, vzdu\u0161n\u00fd prostor, kde se budete skv\u011ble bavit i relaxovat.                                                                                                                                                                                                                                                                                                                                                                                        4\/5 - (3 votes)        "},{"@context":"https:\/\/schema.org\/","@type":"BreadcrumbList","itemListElement":[{"@type":"ListItem","position":1,"name":"Pracujte se sv\u00fdm interi\u00e9rem chyt\u0159e","item":"https:\/\/www.freezart.cz\/pracujte-se-svym-interierem-chytre\/#breadcrumbitem"}]}]