[{"@context":"https:\/\/schema.org\/","@type":"Article","@id":"https:\/\/www.freezart.cz\/srovnani-mezd-muzu-a-zen\/#Article","mainEntityOfPage":"https:\/\/www.freezart.cz\/srovnani-mezd-muzu-a-zen\/","headline":"Srovn\u00e1n\u00ed mezd mu\u017e\u016f a \u017een","name":"Srovn\u00e1n\u00ed mezd mu\u017e\u016f a \u017een","description":"V zem\u00edch Evropsk\u00e9 unie se rozd\u00edly mezi v\u00fd\u0161\u00ed mezd \u017een a m\u016f\u017eu pohybuj\u00ed mezi p\u011bti procenty nap\u0159\u00edklad v It\u00e1lii \u010di Rumunsku, a\u017e po dvacet p\u011bt procent ve zmi\u0148ovan\u00e9m Estonsku. Hned za nimi jsme tedy potom my, kde rozd\u00edl je skoro dvacet dva procent. Skoro p\u011btinov\u00fd rozd\u00edl je mezi pr\u016fm\u011brnou hodinovou odm\u011bnou pro mu\u017ee a \u017eeny&#46;&#46;&#46;","datePublished":"2018-03-16","dateModified":"2023-05-05","author":{"@type":"Person","@id":"https:\/\/www.freezart.cz\/author\/#Person","name":"","url":"https:\/\/www.freezart.cz\/author\/","identifier":1,"image":{"@type":"ImageObject","@id":"https:\/\/secure.gravatar.com\/avatar\/87132efef9f5972c3e770e1fb0907fb3dcc1311f82da5f30bffbae0bd81cf8c0?s=96&d=mm&r=g","url":"https:\/\/secure.gravatar.com\/avatar\/87132efef9f5972c3e770e1fb0907fb3dcc1311f82da5f30bffbae0bd81cf8c0?s=96&d=mm&r=g","height":96,"width":96}},"publisher":{"@type":"Organization","name":"freezart.cz","logo":{"@type":"ImageObject","@id":"\/logo.png","url":"\/logo.png","width":600,"height":60}},"image":{"@type":"ImageObject","@id":"https:\/\/www.freezart.cz\/wp-content\/uploads\/img_a315645_w2511_t1526502015.jpg","url":"https:\/\/www.freezart.cz\/wp-content\/uploads\/img_a315645_w2511_t1526502015.jpg","height":0,"width":0},"url":"https:\/\/www.freezart.cz\/srovnani-mezd-muzu-a-zen\/","about":["Www"],"wordCount":444,"articleBody":"V zem\u00edch Evropsk\u00e9 unie se rozd\u00edly mezi v\u00fd\u0161\u00ed mezd \u017een a m\u016f\u017eu pohybuj\u00ed mezi p\u011bti procenty nap\u0159\u00edklad v It\u00e1lii \u010di Rumunsku, a\u017e po dvacet p\u011bt procent ve zmi\u0148ovan\u00e9m Estonsku. Hned za nimi jsme tedy potom my, kde rozd\u00edl je skoro dvacet dva procent. Skoro p\u011btinov\u00fd rozd\u00edl je mezi pr\u016fm\u011brnou hodinovou odm\u011bnou pro mu\u017ee a \u017eeny v Rakousku a tak\u00e9 ve velk\u00e9 Brit\u00e1nii. Skoro dvacet procent je to tak\u00e9 na Slovensku od roku 2016.&#13; Dle v\u00fdsledk\u016f Eurostatu se situace od roku 2011 zlep\u0161ila ve v\u011bt\u0161in\u011b zem\u00ed. Nejv\u011bt\u0161\u00ed sn\u00ed\u017een\u00ed tohoto rozd\u00edlu od uveden\u00e9ho roku prob\u011bhlo v Rumunsku, Ma\u010farsku, \u0160pan\u011blsku, ale dokonce i v Rakousku.&#13; Platy \u017een a mu\u017e\u016f v\u0161ak nelze shrnout takto jednodu\u0161e, proto\u017ee v\u00fdsledky nehodnot\u00ed platy na stejn\u00fdch pozic\u00edch, n\u00fdbr\u017e jednodu\u0161e hodinovou mzdu \u017een a mu\u017e\u016f. Z\u00e1le\u017e\u00ed tedy nejen na pohlav\u00ed, ale tak\u00e9 na zku\u0161enostech, vzd\u011bl\u00e1n\u00ed a v\u00fdsledky ovliv\u0148uj\u00ed tak\u00e9 kulturn\u00ed, soci\u00e1ln\u00ed a ekonomick\u00e9 odli\u0161nosti zam\u011bstn\u00e1n\u00ed \u017een a mu\u017e\u016f.&#13; Pokud se pod\u00edv\u00e1me na platy na pozic\u00edch administrativn\u00edch pracovn\u00edk\u016f, ve slu\u017eb\u00e1ch \u010di v prodeji, jsou rozd\u00edly v platech ni\u017e\u0161\u00ed, ale st\u00e1le tam je p\u0159ibli\u017en\u011b osmi procentn\u00ed rozd\u00edl ve v\u00fd\u0161i mezd.&#13; Samoz\u0159ejm\u011b je tak\u00e9 rozd\u00edl ve vyu\u017e\u00edv\u00e1n\u00ed zkr\u00e1cen\u00fdch \u00favazk\u016f, kdy \u017eeny \u010dasto pracuj\u00ed pr\u00e1v\u011b na zkr\u00e1cen\u00fd \u00favazek, nicm\u00e9n\u011b mu\u017ei tuto variantu vyu\u017e\u00edvaj\u00ed mnohem m\u00e9n\u011b.&#13; Zam\u011bstn\u00e1n\u00ed tak\u00e9 nen\u00ed obsazeno v r\u00e1mci pohlav\u00ed stejnom\u011brn\u011b s p\u0159ib\u00fdvaj\u00edc\u00edm po\u010dtem d\u011bt\u00ed v rodin\u011b.&#13; V roce 2016 pracovalo 65 procent \u017een bez d\u011bt\u00ed a sedmdes\u00e1t t\u0159i procent mu\u017e\u016f bez d\u011bt\u00ed, nicm\u00e9n\u011b, pokud se pak v tomto roce monitorovali zam\u011bstnan\u00ed rodi\u010dov\u00e9, byl pom\u011br u\u017e jin\u00fd. Ze sta \u017een s jedn\u00edm d\u00edt\u011btem pracovalo v roce 2016 71 a ze sta mu\u017e\u016f s jedn\u00edm d\u00edt\u011btem v rodin\u011b pracovalo 85 mu\u017e\u016f. Pokud maj\u00ed v\u00edce d\u011bt\u00ed v rodin\u011b, pracuje pouze pades\u00e1t p\u011bt procent \u017een, proti osmdes\u00e1ti \u010dty\u0159em procent\u016fm mu\u017e\u016f. Tento v\u00fdsledek asi nikoho nep\u0159ekvap\u00ed.&#13; Mo\u017en\u00e1 ale bude p\u0159ekvapuj\u00edc\u00ed, \u017ee nezam\u011bstnanost v Evropsk\u00e9 unii kles\u00e1 a naprosto \u0161okuj\u00edc\u00ed pro \u010deskou ve\u0159ejnost m\u016f\u017ee b\u00fdt, \u017ee nejni\u017e\u0161\u00ed nezam\u011bstnanost v r\u00e1mci EU je pr\u00e1v\u011b u n\u00e1s v \u010cesk\u00e9 republice, kde tvo\u0159\u00ed pouze 2,4 procenta oproti celku, kde je nezam\u011bstnanost na 8,6 procentech.                                                                                                                                                                                                                                                                                                                                                                                        4\/5 - (8 votes)        "},{"@context":"https:\/\/schema.org\/","@type":"BreadcrumbList","itemListElement":[{"@type":"ListItem","position":1,"name":"Srovn\u00e1n\u00ed mezd mu\u017e\u016f a \u017een","item":"https:\/\/www.freezart.cz\/srovnani-mezd-muzu-a-zen\/#breadcrumbitem"}]}]